{"id":6300,"date":"2026-03-16T11:50:29","date_gmt":"2026-03-16T10:50:29","guid":{"rendered":"https:\/\/www.association-corecre.com\/?p=6300"},"modified":"2026-03-16T12:16:00","modified_gmt":"2026-03-16T11:16:00","slug":"prochain-evenement-le-colecture-sur-le-livre-dans-la-tete-des-hpi-nicolas-gauvrit","status":"publish","type":"post","link":"https:\/\/www.association-corecre.com\/index.php\/2026\/03\/16\/prochain-evenement-le-colecture-sur-le-livre-dans-la-tete-des-hpi-nicolas-gauvrit\/","title":{"rendered":"Prochain \u00e9v\u00e8nement : Le Co&#8217;lecture sur le livre &#8220;Dans la t\u00eate des HPI&#8221; &#8211; Nicolas Gauvrit"},"content":{"rendered":"[et_pb_section fb_built=&#8221;1&#8243; _builder_version=&#8221;3.14&#8243; custom_padding=&#8221;10px|0px|0|0px|false|false&#8221;][et_pb_row _builder_version=&#8221;3.14&#8243; background_color=&#8221;rgba(85,137,83,0.2)&#8221; border_width_all=&#8221;2px&#8221; border_color_all=&#8221;#b3b3b3&#8243;][et_pb_column type=&#8221;4_4&#8243; _builder_version=&#8221;3.14&#8243; parallax=&#8221;off&#8221; parallax_method=&#8221;on&#8221;][et_pb_text _builder_version=&#8221;3.14&#8243;] Retrouvez Nicolas Gauvrit et l&#8217;\u00e9quipe du CoR\u00e9CR\u00c9 lors\u00a0du Co&#8217;lecture le 24 mars 2026, \u00e0 18 h ! \u00a0 [\/et_pb_text][\/et_pb_column][\/et_pb_row][et_pb_row _builder_version=&#8221;3.14&#8243;][et_pb_column type=&#8221;2_5&#8243; _builder_version=&#8221;3.14&#8243; parallax=&#8221;off&#8221; parallax_method=&#8221;on&#8221;][et_pb_image src=&#8221;http:\/\/www.association-corecre.com\/wp-content\/uploads\/2026\/03\/Capture-decran-2026-03-16-a-11.53.21.png&#8221; _builder_version=&#8221;3.14&#8243;][\/et_pb_image][\/et_pb_column][et_pb_column type=&#8221;3_5&#8243; _builder_version=&#8221;3.14&#8243; parallax=&#8221;off&#8221; parallax_method=&#8221;on&#8221;][et_pb_text _builder_version=&#8221;3.14&#8243;] Qui est Nicolas Gauvrit ? [\/et_pb_text][et_pb_text _builder_version=&#8221;3.14&#8243;] Nicolas Gauvrit est enseignant-chercheur et sciences cognitives \u00e0 l\u2019Universit\u00e9 de Lille. Ces travaux mortent notamment sur le haut potentiel intellectuel (HPI). Il est \u00e9galement chroniqueur pour Cerveau et Psycho, auteur d\u2019articles et d\u2019ouvrages de diffusion scientifique, par exemple Psychologie du haut potentiel ou Dans la t\u00eate des HPI. [\/et_pb_text][\/et_pb_column][\/et_pb_row][et_pb_row _builder_version=&#8221;3.14&#8243;][et_pb_column type=&#8221;3_5&#8243; _builder_version=&#8221;3.14&#8243; parallax=&#8221;off&#8221; parallax_method=&#8221;on&#8221;][et_pb_text _builder_version=&#8221;3.14&#8243;] Les co-lectures sont des \u00e9v\u00e8nements qui se d\u00e9roulent en ligne, et qui durent 45 minutes. Pendant ce temps, un auteur est invit\u00e9 pour \u00e9changer \u00e0 propos de son livre; Le livre, ses id\u00e9es, les outils qu&#8217;on peut utiliser au quotidien \u2026\u00a0 Ces \u00e9v\u00e8nements sont <a href=\"https:\/\/www.association-corecre.com\/index.php\/2026\/03\/16\/prochain-evenement-le-colecture-sur-le-livre-dans-la-tete-des-hpi-nicolas-gauvrit\/\" class=\"more-link\">(more&hellip;)<\/a>","protected":false},"excerpt":{"rendered":"<p>[et_pb_section fb_built=&#8221;1&#8243; _builder_version=&#8221;3.14&#8243; custom_padding=&#8221;10px|0px|0|0px|false|false&#8221;][et_pb_row _builder_version=&#8221;3.14&#8243; background_color=&#8221;rgba(85,137,83,0.2)&#8221; border_width_all=&#8221;2px&#8221; border_color_all=&#8221;#b3b3b3&#8243;][et_pb_column type=&#8221;4_4&#8243; _builder_version=&#8221;3.14&#8243; parallax=&#8221;off&#8221; parallax_method=&#8221;on&#8221;][et_pb_text _builder_version=&#8221;3.14&#8243;] Retrouvez Nicolas Gauvrit et l&#8217;\u00e9quipe du CoR\u00e9CR\u00c9 lors\u00a0du Co&#8217;lecture le 24 mars 2026, \u00e0 18 h ! \u00a0 [\/et_pb_text][\/et_pb_column][\/et_pb_row][et_pb_row _builder_version=&#8221;3.14&#8243;][et_pb_column type=&#8221;2_5&#8243; _builder_version=&#8221;3.14&#8243; parallax=&#8221;off&#8221; parallax_method=&#8221;on&#8221;][et_pb_image src=&#8221;http:\/\/www.association-corecre.com\/wp-content\/uploads\/2026\/03\/Capture-decran-2026-03-16-a-11.53.21.png&#8221; _builder_version=&#8221;3.14&#8243;][\/et_pb_image][\/et_pb_column][et_pb_column type=&#8221;3_5&#8243; _builder_version=&#8221;3.14&#8243; parallax=&#8221;off&#8221; parallax_method=&#8221;on&#8221;][et_pb_text _builder_version=&#8221;3.14&#8243;] Qui est Nicolas Gauvrit ? [\/et_pb_text][et_pb_text _builder_version=&#8221;3.14&#8243;] Nicolas Gauvrit est enseignant-chercheur [&hellip;]<\/p>\n","protected":false},"author":1,"featured_media":6310,"comment_status":"closed","ping_status":"closed","sticky":false,"template":"","format":"standard","meta":{"_exactmetrics_skip_tracking":false,"_exactmetrics_sitenote_active":false,"_exactmetrics_sitenote_note":"","_exactmetrics_sitenote_category":0,"_monsterinsights_skip_tracking":false,"_monsterinsights_sitenote_active":false,"_monsterinsights_sitenote_note":"","_monsterinsights_sitenote_category":0,"footnotes":""},"categories":[86],"tags":[87],"class_list":["post-6300","post","type-post","status-publish","format-standard","has-post-thumbnail","hentry","category-co-lecture","tag-colecture"],"_links":{"self":[{"href":"https:\/\/www.association-corecre.com\/index.php\/wp-json\/wp\/v2\/posts\/6300","targetHints":{"allow":["GET"]}}],"collection":[{"href":"https:\/\/www.association-corecre.com\/index.php\/wp-json\/wp\/v2\/posts"}],"about":[{"href":"https:\/\/www.association-corecre.com\/index.php\/wp-json\/wp\/v2\/types\/post"}],"author":[{"embeddable":true,"href":"https:\/\/www.association-corecre.com\/index.php\/wp-json\/wp\/v2\/users\/1"}],"replies":[{"embeddable":true,"href":"https:\/\/www.association-corecre.com\/index.php\/wp-json\/wp\/v2\/comments?post=6300"}],"version-history":[{"count":28,"href":"https:\/\/www.association-corecre.com\/index.php\/wp-json\/wp\/v2\/posts\/6300\/revisions"}],"predecessor-version":[{"id":6363,"href":"https:\/\/www.association-corecre.com\/index.php\/wp-json\/wp\/v2\/posts\/6300\/revisions\/6363"}],"wp:featuredmedia":[{"embeddable":true,"href":"https:\/\/www.association-corecre.com\/index.php\/wp-json\/wp\/v2\/media\/6310"}],"wp:attachment":[{"href":"https:\/\/www.association-corecre.com\/index.php\/wp-json\/wp\/v2\/media?parent=6300"}],"wp:term":[{"taxonomy":"category","embeddable":true,"href":"https:\/\/www.association-corecre.com\/index.php\/wp-json\/wp\/v2\/categories?post=6300"},{"taxonomy":"post_tag","embeddable":true,"href":"https:\/\/www.association-corecre.com\/index.php\/wp-json\/wp\/v2\/tags?post=6300"}],"curies":[{"name":"wp","href":"https:\/\/api.w.org\/{rel}","templated":true}]}}