{"id":4379,"date":"2022-01-05T21:14:19","date_gmt":"2022-01-05T20:14:19","guid":{"rendered":"http:\/\/www.association-corecre.com\/?p=4379"},"modified":"2022-10-26T11:42:32","modified_gmt":"2022-10-26T09:42:32","slug":"quels-sont-les-reseaux-cerebraux-impliques-dans-la-creativite","status":"publish","type":"post","link":"https:\/\/www.association-corecre.com\/index.php\/2022\/01\/05\/quels-sont-les-reseaux-cerebraux-impliques-dans-la-creativite\/","title":{"rendered":"Quels sont les r\u00e9seaux c\u00e9r\u00e9braux impliqu\u00e9s dans la cr\u00e9ativit\u00e9 ?"},"content":{"rendered":"[et_pb_section fb_built=&#8221;1&#8243; _builder_version=&#8221;3.14&#8243; custom_padding=&#8221;0|0px|2px|0px|false|false&#8221; bottom_divider_color=&#8221;#e02b20&#8243;][et_pb_row custom_padding=&#8221;30px|0px|24px|0px|false|false&#8221; _builder_version=&#8221;3.14&#8243;][et_pb_column type=&#8221;4_4&#8243; _builder_version=&#8221;3.0.47&#8243; parallax=&#8221;off&#8221; parallax_method=&#8221;on&#8221;][et_pb_text _builder_version=&#8221;3.14&#8243; inline_fonts=&#8221;Georgia&#8221;] Alors qu&#8217;avant les ann\u00e9es 2000 il \u00e9tait d&#8217;usage de penser que la cr\u00e9ativit\u00e9 \u00e9tait automatique, presque pr\u00e9d\u00e9termin\u00e9e pour chacun d&#8217;entre nous, l&#8217;arriv\u00e9e des neurosciences a permis d&#8217;infirmer cette hypoth\u00e8se. En effet, contrairement aux id\u00e9es re\u00e7ues, les adultes g\u00e9n\u00e8rent davantage d\u2019id\u00e9es et sont jug\u00e9s plus cr\u00e9atifs que les enfants et les adolescents. D&#8217;ailleurs, on sait aujourd&#8217;hui que l&#8217;augmentation des performances cr\u00e9atives se fait conjointement \u00e0 l\u2019am\u00e9lioration des capacit\u00e9s ex\u00e9cutives, c&#8217;est \u00e0 dire des fonctions de contr\u00f4le de haut niveau qui permettent la r\u00e9gulation des pens\u00e9es et des comportements. Autrement dit, la cr\u00e9ativit\u00e9 ne semble pas si automatique que \u00e7a ! Gr\u00e2ce \u00e0 l&#8217;Imagerie par R\u00e9sonnance Magn\u00e9tique Fonctionnelle (IRMf), les neurosciences ont d\u00e9montr\u00e9 l&#8217;implication des r\u00e9seaux neuronaux qui sous-tendent ces fonctions de contr\u00f4le. Par ailleurs, elles ont r\u00e9cemment \u00e9tudi\u00e9 les bases c\u00e9r\u00e9brales qui expliquent le d\u00e9veloppement de la cr\u00e9ativit\u00e9 <a href=\"https:\/\/www.association-corecre.com\/index.php\/2022\/01\/05\/quels-sont-les-reseaux-cerebraux-impliques-dans-la-creativite\/\" class=\"more-link\">(more&hellip;)<\/a>","protected":false},"excerpt":{"rendered":"<p>[et_pb_section fb_built=&#8221;1&#8243; _builder_version=&#8221;3.14&#8243; custom_padding=&#8221;0|0px|2px|0px|false|false&#8221; bottom_divider_color=&#8221;#e02b20&#8243;][et_pb_row custom_padding=&#8221;30px|0px|24px|0px|false|false&#8221; _builder_version=&#8221;3.14&#8243;][et_pb_column type=&#8221;4_4&#8243; _builder_version=&#8221;3.0.47&#8243; parallax=&#8221;off&#8221; parallax_method=&#8221;on&#8221;][et_pb_text _builder_version=&#8221;3.14&#8243; inline_fonts=&#8221;Georgia&#8221;] Alors qu&#8217;avant les ann\u00e9es 2000 il \u00e9tait d&#8217;usage de penser que la cr\u00e9ativit\u00e9 \u00e9tait automatique, presque pr\u00e9d\u00e9termin\u00e9e pour chacun d&#8217;entre nous, l&#8217;arriv\u00e9e des neurosciences a permis d&#8217;infirmer cette hypoth\u00e8se. En effet, contrairement aux id\u00e9es re\u00e7ues, les adultes g\u00e9n\u00e8rent davantage d\u2019id\u00e9es et sont [&hellip;]<\/p>\n","protected":false},"author":3,"featured_media":198,"comment_status":"closed","ping_status":"closed","sticky":false,"template":"","format":"standard","meta":{"_exactmetrics_skip_tracking":false,"_exactmetrics_sitenote_active":false,"_exactmetrics_sitenote_note":"","_exactmetrics_sitenote_category":0,"_monsterinsights_skip_tracking":false,"_monsterinsights_sitenote_active":false,"_monsterinsights_sitenote_note":"","_monsterinsights_sitenote_category":0,"footnotes":""},"categories":[43,62,36,4,5,64],"tags":[72],"class_list":["post-4379","post","type-post","status-publish","format-standard","has-post-thumbnail","hentry","category-adolescence","category-article-de-mediation","category-fonctions-executives","category-le-processus-creatif","category-les-neurosciences-de-la-creativite","category-retrospective-article","tag-article-diffusions"],"_links":{"self":[{"href":"https:\/\/www.association-corecre.com\/index.php\/wp-json\/wp\/v2\/posts\/4379","targetHints":{"allow":["GET"]}}],"collection":[{"href":"https:\/\/www.association-corecre.com\/index.php\/wp-json\/wp\/v2\/posts"}],"about":[{"href":"https:\/\/www.association-corecre.com\/index.php\/wp-json\/wp\/v2\/types\/post"}],"author":[{"embeddable":true,"href":"https:\/\/www.association-corecre.com\/index.php\/wp-json\/wp\/v2\/users\/3"}],"replies":[{"embeddable":true,"href":"https:\/\/www.association-corecre.com\/index.php\/wp-json\/wp\/v2\/comments?post=4379"}],"version-history":[{"count":7,"href":"https:\/\/www.association-corecre.com\/index.php\/wp-json\/wp\/v2\/posts\/4379\/revisions"}],"predecessor-version":[{"id":4389,"href":"https:\/\/www.association-corecre.com\/index.php\/wp-json\/wp\/v2\/posts\/4379\/revisions\/4389"}],"wp:featuredmedia":[{"embeddable":true,"href":"https:\/\/www.association-corecre.com\/index.php\/wp-json\/wp\/v2\/media\/198"}],"wp:attachment":[{"href":"https:\/\/www.association-corecre.com\/index.php\/wp-json\/wp\/v2\/media?parent=4379"}],"wp:term":[{"taxonomy":"category","embeddable":true,"href":"https:\/\/www.association-corecre.com\/index.php\/wp-json\/wp\/v2\/categories?post=4379"},{"taxonomy":"post_tag","embeddable":true,"href":"https:\/\/www.association-corecre.com\/index.php\/wp-json\/wp\/v2\/tags?post=4379"}],"curies":[{"name":"wp","href":"https:\/\/api.w.org\/{rel}","templated":true}]}}