{"id":1206,"date":"2020-05-15T13:05:47","date_gmt":"2020-05-15T11:05:47","guid":{"rendered":"http:\/\/anaellecamarda.com\/?p=1206"},"modified":"2022-10-26T11:44:15","modified_gmt":"2022-10-26T09:44:15","slug":"la-creativite-en-classe","status":"publish","type":"post","link":"https:\/\/www.association-corecre.com\/index.php\/2020\/05\/15\/la-creativite-en-classe\/","title":{"rendered":"La cr\u00e9ativit\u00e9 s&#8217;enseigne-t-elle en classe ?"},"content":{"rendered":"[et_pb_section fb_built=&#8221;1&#8243; _builder_version=&#8221;3.14&#8243; custom_padding=&#8221;0|0px|0|0px|false|false&#8221;][et_pb_row custom_padding=&#8221;27px|0px|35px|0px|false|false&#8221; _builder_version=&#8221;3.14&#8243;][et_pb_column type=&#8221;4_4&#8243; _builder_version=&#8221;3.0.47&#8243; parallax=&#8221;off&#8221; parallax_method=&#8221;on&#8221;][et_pb_text _builder_version=&#8221;3.14&#8243; inline_fonts=&#8221;Georgia&#8221;] Les enseignants reconnaissent majoritairement que la cr\u00e9ativit\u00e9 est une qualit\u00e9 et une comp\u00e9tence importante pour la vie quotidienne et la r\u00e9ussite professionnelle. Mais paradoxalement, ils ont aussi tendance \u00e0 penser que l\u2019\u00e9cole n\u2019est pas l\u2019endroit o\u00f9 ce potentiel peut \u00eatre d\u00e9velopp\u00e9 o\u00f9 du moins, ils ne voient pas comment c\u2019est envisageable lorsqu\u2019ils enseignent face \u00e0 une classe de 30 coll\u00e9giens ou 35 lyc\u00e9ens pour un cours fondamental (par exemple Histoire\/G\u00e9ographie, fran\u00e7ais &#8230; ), et qu&#8217;ils doivent r\u00e9pondre \u00e0 des contraintes des programmes \u00e0 finir et\/ou des \u00e9ch\u00e9ances d\u2019un examen. D\u00e8s lors, comment l&#8217;enseignant peut-il concevoir un environnement scolaire qui puisse \u00eatre porteur de cr\u00e9ativit\u00e9\u00a0? [\/et_pb_text][\/et_pb_column][\/et_pb_row][et_pb_row custom_padding=&#8221;0|0px|28px|0px|false|false&#8221; _builder_version=&#8221;3.14&#8243;][et_pb_column type=&#8221;4_4&#8243; _builder_version=&#8221;3.0.47&#8243; parallax=&#8221;off&#8221; parallax_method=&#8221;on&#8221;][et_pb_text _builder_version=&#8221;3.14&#8243; inline_fonts=&#8221;Georgia&#8221;] A.\u00a0\u00a0L\u2019enseignant et les paradoxes de la cr\u00e9ativit\u00e9 Peut-\u00eatre avez vous regard\u00e9 les vid\u00e9os TED ces derniers temps, ou peut-\u00eatre que vous avez lu les articles <a href=\"https:\/\/www.association-corecre.com\/index.php\/2020\/05\/15\/la-creativite-en-classe\/\" class=\"more-link\">(more&hellip;)<\/a>","protected":false},"excerpt":{"rendered":"<p>[et_pb_section fb_built=&#8221;1&#8243; _builder_version=&#8221;3.14&#8243; custom_padding=&#8221;0|0px|0|0px|false|false&#8221;][et_pb_row custom_padding=&#8221;27px|0px|35px|0px|false|false&#8221; _builder_version=&#8221;3.14&#8243;][et_pb_column type=&#8221;4_4&#8243; _builder_version=&#8221;3.0.47&#8243; parallax=&#8221;off&#8221; parallax_method=&#8221;on&#8221;][et_pb_text _builder_version=&#8221;3.14&#8243; inline_fonts=&#8221;Georgia&#8221;] Les enseignants reconnaissent majoritairement que la cr\u00e9ativit\u00e9 est une qualit\u00e9 et une comp\u00e9tence importante pour la vie quotidienne et la r\u00e9ussite professionnelle. Mais paradoxalement, ils ont aussi tendance \u00e0 penser que l\u2019\u00e9cole n\u2019est pas l\u2019endroit o\u00f9 ce potentiel peut \u00eatre d\u00e9velopp\u00e9 o\u00f9 du [&hellip;]<\/p>\n","protected":false},"author":5,"featured_media":1216,"comment_status":"closed","ping_status":"closed","sticky":false,"template":"","format":"standard","meta":{"_exactmetrics_skip_tracking":false,"_exactmetrics_sitenote_active":false,"_exactmetrics_sitenote_note":"","_exactmetrics_sitenote_category":0,"_monsterinsights_skip_tracking":false,"_monsterinsights_sitenote_active":false,"_monsterinsights_sitenote_note":"","_monsterinsights_sitenote_category":0,"footnotes":""},"categories":[62,2,64],"tags":[72],"class_list":["post-1206","post","type-post","status-publish","format-standard","has-post-thumbnail","hentry","category-article-de-mediation","category-la-recherche-a-lecole","category-retrospective-article","tag-article-diffusions"],"_links":{"self":[{"href":"https:\/\/www.association-corecre.com\/index.php\/wp-json\/wp\/v2\/posts\/1206","targetHints":{"allow":["GET"]}}],"collection":[{"href":"https:\/\/www.association-corecre.com\/index.php\/wp-json\/wp\/v2\/posts"}],"about":[{"href":"https:\/\/www.association-corecre.com\/index.php\/wp-json\/wp\/v2\/types\/post"}],"author":[{"embeddable":true,"href":"https:\/\/www.association-corecre.com\/index.php\/wp-json\/wp\/v2\/users\/5"}],"replies":[{"embeddable":true,"href":"https:\/\/www.association-corecre.com\/index.php\/wp-json\/wp\/v2\/comments?post=1206"}],"version-history":[{"count":18,"href":"https:\/\/www.association-corecre.com\/index.php\/wp-json\/wp\/v2\/posts\/1206\/revisions"}],"predecessor-version":[{"id":3376,"href":"https:\/\/www.association-corecre.com\/index.php\/wp-json\/wp\/v2\/posts\/1206\/revisions\/3376"}],"wp:featuredmedia":[{"embeddable":true,"href":"https:\/\/www.association-corecre.com\/index.php\/wp-json\/wp\/v2\/media\/1216"}],"wp:attachment":[{"href":"https:\/\/www.association-corecre.com\/index.php\/wp-json\/wp\/v2\/media?parent=1206"}],"wp:term":[{"taxonomy":"category","embeddable":true,"href":"https:\/\/www.association-corecre.com\/index.php\/wp-json\/wp\/v2\/categories?post=1206"},{"taxonomy":"post_tag","embeddable":true,"href":"https:\/\/www.association-corecre.com\/index.php\/wp-json\/wp\/v2\/tags?post=1206"}],"curies":[{"name":"wp","href":"https:\/\/api.w.org\/{rel}","templated":true}]}}